{"id":5754,"date":"2017-06-14T18:39:31","date_gmt":"2017-06-14T18:39:31","guid":{"rendered":"http:\/\/marialuisadecontes.com\/?p=5754"},"modified":"2017-06-15T18:39:53","modified_gmt":"2017-06-15T16:39:53","slug":"de-donde-venimos-y-hacia-donde-queremos-ir-mujeres-y-hombres-juntos","status":"publish","type":"post","link":"https:\/\/marialuisadecontes.com\/?p=5754","title":{"rendered":"De d\u00f3nde venimos y hacia d\u00f3nde queremos ir: Mujeres y hombres juntos"},"content":{"rendered":"<p><strong>30\u00a0de\u00a0mayo\u00a02017<\/strong>: \u00abDe d\u00f3nde venimos y hacia d\u00f3nde queremos ir: Mujeres y hombres juntos\u00bb<\/p>\n<p>Con <strong>Ana de Miguel \u00c1lvarez, <\/strong>escritora y profesora titular de Filosof\u00eda Moral y Pol\u00edtica de la universidad Rey Juan Carlos y <strong>Laura Freixas Revuelta, <\/strong>escritora y cr\u00edtica literaria en diversos medios.<\/p>\n<p><strong>Tema de la Conferencia: <\/strong>principios de la desigualdad en la cultura\u00a0y de c\u00f3mo se reproduce en una sociedad como la nuestra, que formalmente es igual, esta desigualdad, si en la actualidad contamos con instituciones y leyes que nos amparan, el hombre ha dado un paso adelante y se ha incorporado a tareas que hasta hace poco eran exclusivas de la mujer, gracias al cambio de paradigma de la misma<\/p>\n<p><strong>Lugar:<\/strong> Club Financiero G\u00e9nova, Calle Marqu\u00e9s de la Ensenada, 14-16, 28004, Madrid<\/p>\n<p>&nbsp;<\/p>\n","protected":false},"excerpt":{"rendered":"<p>30\u00a0de\u00a0mayo\u00a02017: \u00abDe d\u00f3nde venimos y hacia d\u00f3nde queremos ir: Mujeres y hombres juntos\u00bb Con Ana de Miguel \u00c1lvarez, escritora y profesora titular de Filosof\u00eda Moral y Pol\u00edtica de la universidad [&hellip;]<\/p>\n","protected":false},"author":1,"featured_media":5758,"comment_status":"closed","ping_status":"closed","sticky":false,"template":"","format":"standard","meta":{"footnotes":""},"categories":[315],"tags":[],"class_list":["post-5754","post","type-post","status-publish","format-standard","has-post-thumbnail","hentry","category-eventos-mujeres-avenir"],"_links":{"self":[{"href":"https:\/\/marialuisadecontes.com\/index.php?rest_route=\/wp\/v2\/posts\/5754","targetHints":{"allow":["GET"]}}],"collection":[{"href":"https:\/\/marialuisadecontes.com\/index.php?rest_route=\/wp\/v2\/posts"}],"about":[{"href":"https:\/\/marialuisadecontes.com\/index.php?rest_route=\/wp\/v2\/types\/post"}],"author":[{"embeddable":true,"href":"https:\/\/marialuisadecontes.com\/index.php?rest_route=\/wp\/v2\/users\/1"}],"replies":[{"embeddable":true,"href":"https:\/\/marialuisadecontes.com\/index.php?rest_route=%2Fwp%2Fv2%2Fcomments&post=5754"}],"version-history":[{"count":1,"href":"https:\/\/marialuisadecontes.com\/index.php?rest_route=\/wp\/v2\/posts\/5754\/revisions"}],"predecessor-version":[{"id":5755,"href":"https:\/\/marialuisadecontes.com\/index.php?rest_route=\/wp\/v2\/posts\/5754\/revisions\/5755"}],"wp:featuredmedia":[{"embeddable":true,"href":"https:\/\/marialuisadecontes.com\/index.php?rest_route=\/wp\/v2\/media\/5758"}],"wp:attachment":[{"href":"https:\/\/marialuisadecontes.com\/index.php?rest_route=%2Fwp%2Fv2%2Fmedia&parent=5754"}],"wp:term":[{"taxonomy":"category","embeddable":true,"href":"https:\/\/marialuisadecontes.com\/index.php?rest_route=%2Fwp%2Fv2%2Fcategories&post=5754"},{"taxonomy":"post_tag","embeddable":true,"href":"https:\/\/marialuisadecontes.com\/index.php?rest_route=%2Fwp%2Fv2%2Ftags&post=5754"}],"curies":[{"name":"wp","href":"https:\/\/api.w.org\/{rel}","templated":true}]}}