{"id":5724,"date":"2017-02-09T10:26:30","date_gmt":"2017-02-09T10:26:30","guid":{"rendered":"http:\/\/marialuisadecontes.com\/?p=5724"},"modified":"2017-03-22T15:39:55","modified_gmt":"2017-03-22T14:39:55","slug":"la-realidad-de-la-brecha-salarial-las-causas-y-sus-consecuencias-en-francia-y-en-espana","status":"publish","type":"post","link":"https:\/\/marialuisadecontes.com\/?p=5724","title":{"rendered":"La realidad de la brecha salarial: las causas y sus consecuencias en Francia y en Espa\u00f1a"},"content":{"rendered":"<p><strong>09\u00a0de\u00a0Febrero de 2017:\u00a0<\/strong>\u201cLa realidad de la brecha salarial: las causas y sus consecuencias en Francia y en Espa\u00f1a\u201d<\/p>\n<p>Con <b>Rachel Silvera<\/b>, Profesora de la Universidad Paris Nanterre, <b>Cristina <\/b><b>Anto\u00f1anzas<\/b><b>,<\/b> actual Vicesecretaria General de UGT, <b>Marisa Revilla Blanco<\/b>, Profesora de la Universidad Complutense, y <b>Carina Cabezas<\/b>, Presidenta de Sodexo Iberia.<\/p>\n<p><strong>Moderadora:<\/strong> Genevi\u00e8ve Bel, Vicepresidenta CPME (Confederaci\u00f3n de PYMEs) y Presidenta de \u00ab\u00a0Entrepreneuriat au f\u00e9minin\u00a0\u00bb<\/p>\n<p><strong>Tema de la Conferencia: <\/strong>Situaci\u00f3n actual de la brecha salarial en Espa\u00f1a y en Francia.<\/p>\n<p><strong>Lugar:<\/strong>\u00a0Residencia de Francia (C\/ Serrano N\u00ba124)<\/p>\n<p><strong>Moderado por: <\/strong>Carmen Vela (Secretaria de Estado de Investigaci\u00f3n, Desarrollo e Innovaci\u00f3n en el Ministerio de Econom\u00eda y Competitividad).<\/p>\n<p><strong>Participantes:<\/strong>\u00a0250 personas<\/p>\n<div class=\"vc_empty_space\"><\/div>\n","protected":false},"excerpt":{"rendered":"<p>09\u00a0de\u00a0Febrero de 2017:\u00a0\u201cLa realidad de la brecha salarial: las causas y sus consecuencias en Francia y en Espa\u00f1a\u201d Con Rachel Silvera, Profesora de la Universidad Paris Nanterre, Cristina Anto\u00f1anzas, actual [&hellip;]<\/p>\n","protected":false},"author":1,"featured_media":5725,"comment_status":"closed","ping_status":"closed","sticky":false,"template":"","format":"standard","meta":{"footnotes":""},"categories":[315],"tags":[],"class_list":["post-5724","post","type-post","status-publish","format-standard","has-post-thumbnail","hentry","category-eventos-mujeres-avenir"],"_links":{"self":[{"href":"https:\/\/marialuisadecontes.com\/index.php?rest_route=\/wp\/v2\/posts\/5724","targetHints":{"allow":["GET"]}}],"collection":[{"href":"https:\/\/marialuisadecontes.com\/index.php?rest_route=\/wp\/v2\/posts"}],"about":[{"href":"https:\/\/marialuisadecontes.com\/index.php?rest_route=\/wp\/v2\/types\/post"}],"author":[{"embeddable":true,"href":"https:\/\/marialuisadecontes.com\/index.php?rest_route=\/wp\/v2\/users\/1"}],"replies":[{"embeddable":true,"href":"https:\/\/marialuisadecontes.com\/index.php?rest_route=%2Fwp%2Fv2%2Fcomments&post=5724"}],"version-history":[{"count":2,"href":"https:\/\/marialuisadecontes.com\/index.php?rest_route=\/wp\/v2\/posts\/5724\/revisions"}],"predecessor-version":[{"id":5738,"href":"https:\/\/marialuisadecontes.com\/index.php?rest_route=\/wp\/v2\/posts\/5724\/revisions\/5738"}],"wp:featuredmedia":[{"embeddable":true,"href":"https:\/\/marialuisadecontes.com\/index.php?rest_route=\/wp\/v2\/media\/5725"}],"wp:attachment":[{"href":"https:\/\/marialuisadecontes.com\/index.php?rest_route=%2Fwp%2Fv2%2Fmedia&parent=5724"}],"wp:term":[{"taxonomy":"category","embeddable":true,"href":"https:\/\/marialuisadecontes.com\/index.php?rest_route=%2Fwp%2Fv2%2Fcategories&post=5724"},{"taxonomy":"post_tag","embeddable":true,"href":"https:\/\/marialuisadecontes.com\/index.php?rest_route=%2Fwp%2Fv2%2Ftags&post=5724"}],"curies":[{"name":"wp","href":"https:\/\/api.w.org\/{rel}","templated":true}]}}