{"id":5132,"date":"2016-03-26T11:07:39","date_gmt":"2016-03-26T10:07:39","guid":{"rendered":"http:\/\/marialuisadecontes.com\/?p=5132"},"modified":"2016-09-08T10:08:19","modified_gmt":"2016-09-08T08:08:19","slug":"firma-del-convenio-de-colaboracion-con-la-fundacion-integra-y-grupo-renault-espana-por-el-proyecto-una-vida-nueva","status":"publish","type":"post","link":"https:\/\/marialuisadecontes.com\/?p=5132","title":{"rendered":"FIRMA DEL CONVENIO DE COLABORACI\u00d3N CON LA FUNDACI\u00d3N INTEGRA Y GRUPO RENAULT ESPA\u00d1A POR EL PROYECTO \u201cUNA VIDA NUEVA\u201d"},"content":{"rendered":"<p>26 de marzo 2016<\/p>\n<p>El acto de Semana internacional de la mujer 2016 celebrado en Madrid, cont\u00f3 con la participaci\u00f3n de Iv\u00e1n Segal, Director General de Renault Iberia, quien subray\u00f3 que <em>\u201cRenault es una compa\u00f1\u00eda comprometida que est\u00e1 dando grandes pasos en materia de igualdad de oportunidades\u201d <\/em>y Mar\u00eda Luisa de Contes, responsable de la Red Women@renault en Espa\u00f1a, quien hizo hincapi\u00e9 en la iniciativa marcada por la ONU Mujeres, sobre c\u00f3mo acelerar la Agenda 2030 para nuevos compromisos bajo el lema <em>\u00abPor un Planeta 50-50 en 2030: Demos el paso para la igualdad de g\u00e9nero\u00bb,<\/em> y otros objetivos existentes en materia de igualdad de g\u00e9nero, el empoderamiento de las mujeres y los derechos humanos de las mujeres.<\/p>\n<p>Uno de los grandes momentos de la jornada de Madrid, fue la firma de los acuerdos voluntarios con la Fundaci\u00f3n Integra, en la que particip\u00f3 Ana Mu\u00f1oz de Dios, Directora de la Fundaci\u00f3n, que record\u00f3 que gracias a este acuerdo con Renault muchas mujeres y sus hijos podr\u00e1n vivir una vida libre lejos de su maltratador. <em>\u201cPara cerrar el c\u00edrculo del maltrato\u00a0 es imprescindible la autonom\u00eda, la confianza y la autoestima que te ofrece el mundo laboral\u201d<\/em>, se\u00f1al\u00f3.<\/p>\n","protected":false},"excerpt":{"rendered":"<p>26 de marzo 2016 El acto de Semana internacional de la mujer 2016 celebrado en Madrid, cont\u00f3 con la participaci\u00f3n de Iv\u00e1n Segal, Director General de Renault Iberia, quien subray\u00f3 [&hellip;]<\/p>\n","protected":false},"author":1,"featured_media":5134,"comment_status":"closed","ping_status":"closed","sticky":false,"template":"","format":"standard","meta":{"footnotes":""},"categories":[309,30,322],"tags":[],"class_list":["post-5132","post","type-post","status-publish","format-standard","has-post-thumbnail","hentry","category-309","category-masonry-3-columns","category-womenrenault"],"_links":{"self":[{"href":"https:\/\/marialuisadecontes.com\/index.php?rest_route=\/wp\/v2\/posts\/5132","targetHints":{"allow":["GET"]}}],"collection":[{"href":"https:\/\/marialuisadecontes.com\/index.php?rest_route=\/wp\/v2\/posts"}],"about":[{"href":"https:\/\/marialuisadecontes.com\/index.php?rest_route=\/wp\/v2\/types\/post"}],"author":[{"embeddable":true,"href":"https:\/\/marialuisadecontes.com\/index.php?rest_route=\/wp\/v2\/users\/1"}],"replies":[{"embeddable":true,"href":"https:\/\/marialuisadecontes.com\/index.php?rest_route=%2Fwp%2Fv2%2Fcomments&post=5132"}],"version-history":[{"count":2,"href":"https:\/\/marialuisadecontes.com\/index.php?rest_route=\/wp\/v2\/posts\/5132\/revisions"}],"predecessor-version":[{"id":5250,"href":"https:\/\/marialuisadecontes.com\/index.php?rest_route=\/wp\/v2\/posts\/5132\/revisions\/5250"}],"wp:featuredmedia":[{"embeddable":true,"href":"https:\/\/marialuisadecontes.com\/index.php?rest_route=\/wp\/v2\/media\/5134"}],"wp:attachment":[{"href":"https:\/\/marialuisadecontes.com\/index.php?rest_route=%2Fwp%2Fv2%2Fmedia&parent=5132"}],"wp:term":[{"taxonomy":"category","embeddable":true,"href":"https:\/\/marialuisadecontes.com\/index.php?rest_route=%2Fwp%2Fv2%2Fcategories&post=5132"},{"taxonomy":"post_tag","embeddable":true,"href":"https:\/\/marialuisadecontes.com\/index.php?rest_route=%2Fwp%2Fv2%2Ftags&post=5132"}],"curies":[{"name":"wp","href":"https:\/\/api.w.org\/{rel}","templated":true}]}}