{"id":5100,"date":"2014-02-07T10:24:30","date_gmt":"2014-02-07T09:24:30","guid":{"rendered":"http:\/\/marialuisadecontes.com\/?p=5100"},"modified":"2016-09-08T10:11:48","modified_gmt":"2016-09-08T08:11:48","slug":"la-revolucion-masculina-los-hombres-tambien-tenemos-genero","status":"publish","type":"post","link":"https:\/\/marialuisadecontes.com\/?p=5100","title":{"rendered":"\u201cLA REVOLUCI\u00d3N MASCULINA. LOS HOMBRES TAMBI\u00c9N TENEMOS G\u00c9NERO\u201d"},"content":{"rendered":"<p>[vc_row][vc_column][vc_column_text]07 de febrero 2014.[\/vc_column_text][vc_empty_space]<div id=\"sc_tabs_182332738\" class=\"sc_tabs sc_tabs_style_1\" data-active=\"0\"><ul class=\"sc_tabs_titles\"><li class=\"sc_tabs_title first\"><a href=\"#sc_tab_1472199870_1_91\" class=\"theme_button\" id=\"sc_tab_1472199870_1_91_tab\">SEVILLA<\/a><\/li><li class=\"sc_tabs_title last\"><a href=\"#sc_tab_1472199870_2_45\" class=\"theme_button\" id=\"sc_tab_1472199870_2_45_tab\">PALENCIA<\/a><\/li><\/ul><div id=\"sc_tab_1472199870_1_91\" class=\"sc_tabs_content odd first\">[vc_column_text]<\/p>\n<p style=\"text-align: justify;\"><img loading=\"lazy\" decoding=\"async\" class=\"size-medium wp-image-5102 alignleft\" src=\"https:\/\/marialuisadecontes.com\/wp-content\/uploads\/2016\/08\/HOMBRES-SEVILLA-300x213.png\" alt=\"HOMBRES-SEVILLA\" width=\"300\" height=\"213\" srcset=\"https:\/\/marialuisadecontes.com\/wp-content\/uploads\/2016\/08\/HOMBRES-SEVILLA-300x213.png 300w, https:\/\/marialuisadecontes.com\/wp-content\/uploads\/2016\/08\/HOMBRES-SEVILLA.png 350w, https:\/\/marialuisadecontes.com\/wp-content\/uploads\/2016\/08\/HOMBRES-SEVILLA-260x184.png 260w\" sizes=\"auto, (max-width: 300px) 100vw, 300px\" \/>El d\u00eda 7 de febrero se organiz\u00f3 en la Factor\u00eda de Sevilla una conferencia con el t\u00edtulo <em>\u201cla revoluci\u00f3n masculina, la revoluci\u00f3n silenciosa\u201d <\/em>a cargo del Catedr\u00e1tico de Derecho Constitucional de la Universidad de C\u00f3rdoba, D. Octavio Salazar. El Profesor Salazar centr\u00f3 su intervenci\u00f3n en el tema de <em>las Masculinidades <\/em>y en los profundos cambios que se est\u00e1n produciendo en su concepci\u00f3n, explicando los motivos por los que parece cada vez m\u00e1s correcto utilizar el concepto en plural y hablar de <em>Masculinidades<\/em>.<\/p>\n<p style=\"text-align: justify;\">Esta conferencia ten\u00eda como objetivo principal abrir una reflexi\u00f3n profunda sobre la evoluci\u00f3n de la masculinidad y su influencia en la relaci\u00f3n que cada hombre mantiene consigo mismo, su auto-concepto. Tambi\u00e9n influye y determina su rol en la sociedad, su papel, actitudes y comportamientos como amigos, hijos, padres, novios, maridos, jefes\u2026<\/p>\n<p>[\/vc_column_text]<\/div><div id=\"sc_tab_1472199870_2_45\" class=\"sc_tabs_content even\">[vc_column_text]<\/p>\n<p style=\"text-align: justify;\"><img loading=\"lazy\" decoding=\"async\" class=\"size-medium wp-image-5103 alignright\" src=\"https:\/\/marialuisadecontes.com\/wp-content\/uploads\/2016\/08\/HOMBRES-PALENCIA-300x176.png\" alt=\"HOMBRES-PALENCIA\" width=\"300\" height=\"176\" srcset=\"https:\/\/marialuisadecontes.com\/wp-content\/uploads\/2016\/08\/HOMBRES-PALENCIA-300x176.png 300w, https:\/\/marialuisadecontes.com\/wp-content\/uploads\/2016\/08\/HOMBRES-PALENCIA-350x205.png 350w, https:\/\/marialuisadecontes.com\/wp-content\/uploads\/2016\/08\/HOMBRES-PALENCIA-260x153.png 260w, https:\/\/marialuisadecontes.com\/wp-content\/uploads\/2016\/08\/HOMBRES-PALENCIA.png 356w\" sizes=\"auto, (max-width: 300px) 100vw, 300px\" \/>Tras Madrid y Sevilla, lleg\u00f3 Palencia. Fue el 18 de febrero cuando el Profesor Salazar explic\u00f3 en la Factor\u00eda de Palencia el papel del hombre del siglo XXI.<\/p>\n<p>[\/vc_column_text]<\/div><\/div>[\/vc_column][\/vc_row]<\/p>\n","protected":false},"excerpt":{"rendered":"<p>[vc_row][vc_column][vc_column_text]07 de febrero 2014.[\/vc_column_text][vc_empty_space][\/vc_column][\/vc_row]<\/p>\n","protected":false},"author":1,"featured_media":5662,"comment_status":"closed","ping_status":"closed","sticky":false,"template":"","format":"standard","meta":{"footnotes":""},"categories":[312,30,322],"tags":[],"class_list":["post-5100","post","type-post","status-publish","format-standard","has-post-thumbnail","hentry","category-312","category-masonry-3-columns","category-womenrenault"],"_links":{"self":[{"href":"https:\/\/marialuisadecontes.com\/index.php?rest_route=\/wp\/v2\/posts\/5100","targetHints":{"allow":["GET"]}}],"collection":[{"href":"https:\/\/marialuisadecontes.com\/index.php?rest_route=\/wp\/v2\/posts"}],"about":[{"href":"https:\/\/marialuisadecontes.com\/index.php?rest_route=\/wp\/v2\/types\/post"}],"author":[{"embeddable":true,"href":"https:\/\/marialuisadecontes.com\/index.php?rest_route=\/wp\/v2\/users\/1"}],"replies":[{"embeddable":true,"href":"https:\/\/marialuisadecontes.com\/index.php?rest_route=%2Fwp%2Fv2%2Fcomments&post=5100"}],"version-history":[{"count":2,"href":"https:\/\/marialuisadecontes.com\/index.php?rest_route=\/wp\/v2\/posts\/5100\/revisions"}],"predecessor-version":[{"id":5271,"href":"https:\/\/marialuisadecontes.com\/index.php?rest_route=\/wp\/v2\/posts\/5100\/revisions\/5271"}],"wp:featuredmedia":[{"embeddable":true,"href":"https:\/\/marialuisadecontes.com\/index.php?rest_route=\/wp\/v2\/media\/5662"}],"wp:attachment":[{"href":"https:\/\/marialuisadecontes.com\/index.php?rest_route=%2Fwp%2Fv2%2Fmedia&parent=5100"}],"wp:term":[{"taxonomy":"category","embeddable":true,"href":"https:\/\/marialuisadecontes.com\/index.php?rest_route=%2Fwp%2Fv2%2Fcategories&post=5100"},{"taxonomy":"post_tag","embeddable":true,"href":"https:\/\/marialuisadecontes.com\/index.php?rest_route=%2Fwp%2Fv2%2Ftags&post=5100"}],"curies":[{"name":"wp","href":"https:\/\/api.w.org\/{rel}","templated":true}]}}