{"id":5058,"date":"2014-05-04T09:38:55","date_gmt":"2014-05-04T07:38:55","guid":{"rendered":"http:\/\/marialuisadecontes.com\/?p=5058"},"modified":"2016-09-08T10:10:34","modified_gmt":"2016-09-08T08:10:34","slug":"celebracion-del-dia-internacional-de-la-mujer","status":"publish","type":"post","link":"https:\/\/marialuisadecontes.com\/?p=5058","title":{"rendered":"CELEBRACI\u00d3N DEL D\u00cdA INTERNACIONAL DE LA MUJER"},"content":{"rendered":"<p>[vc_row][vc_column][vc_column_text]<\/p>\n<p style=\"text-align: justify;\">04 de marzo 2014.<\/p>\n<p style=\"text-align: justify;\">Con motivo del D\u00eda Internacional de la Mujer, la Red Women@Renault organiz\u00f3 el 4 de marzo en Sevilla y el 7 de marzo en Madrid dos actos que contaron con la presencia de la escritora y coach, <strong>D\u00f1a. Juana Erice, <\/strong>que imparti\u00f3 una charla bajo el lema \u201cAtr\u00e9vete\u201d.<\/p>\n<p>[\/vc_column_text][vc_empty_space][vc_tta_accordion][vc_tta_section title=\u00bbMADRID\u00bb tab_id=\u00bb1472197898549-06623ea8-084c\u00bb][vc_column_text]<\/p>\n<p style=\"text-align: justify;\"><img loading=\"lazy\" decoding=\"async\" class=\"size-full wp-image-5062 alignleft\" src=\"https:\/\/marialuisadecontes.com\/wp-content\/uploads\/2014\/05\/mUJER_MADRID.png\" alt=\"mUJER_MADRID\" width=\"245\" height=\"186\" \/>En Madrid, la apertura de los actos corri\u00f3 a cargo de <strong>D\u00f1a. Mar\u00eda Luisa de Contes<\/strong>, responsable Women@Renault Espa\u00f1a qui\u00e9n aprovecho el acto de Sevilla para agradecer a <strong>D\u00f1a. Margarita Panizo, <\/strong>responsable de la red en esta ciudad, su dedicaci\u00f3n y esfuerzo. En ambas ciudades se hizo un <strong>balance del a\u00f1o\u00a02013 en el que el resultado fue muy positivo, pues la red W@R ha crecido casi un 20% en 2013 en Espa\u00f1a y la representaci\u00f3n en la red internacional ya supone m\u00e1s de un 10%. <\/strong><\/p>\n<p style=\"text-align: justify;\">Se proyect\u00f3 un v\u00eddeo Balance de todas las acciones realizadas en 2013. Adem\u00e1s en Sevilla, se cont\u00f3 con la presencia de <strong>D\u00f1a. Bego\u00f1a Su\u00e1rez<\/strong>, Subdirectora General para el Emprendimiento y la Promoci\u00f3n Profesional para las Mujeres, quien dio una charla a los asistentes sobre <strong><em>\u201cLa mujer en la empresa y las pol\u00edticas de igualdad\u201d.<\/em><\/strong><\/p>\n<p>[\/vc_column_text][\/vc_tta_section][vc_tta_section title=\u00bbSEVILLA\u00bb tab_id=\u00bb1472197898681-2fe2fa11-0846&#8243;][vc_column_text]<\/p>\n<p style=\"text-align: justify;\"><img loading=\"lazy\" decoding=\"async\" class=\"size-full wp-image-5064 alignright\" src=\"\/wp-content\/uploads\/2014\/05\/DDM-SEVILLA-Opti.jpg\" alt=\"MUJER_SEVILLA\" width=\"248\" height=\"182\" \/>En el acto celebrado en Sevilla se aprovech\u00f3 la celebraci\u00f3n para entregar un premio a cinco mujeres que<br \/>\na lo largo del a\u00f1o destacaron por ser una referencia para el resto por sus competencias, su capacidad de relacionarse, su saber-hacer, su implicaci\u00f3n, su rigor y su reactividad en el trabajo de cada d\u00eda. Se trata de un premio creado a iniciativa de la propia factor\u00eda de Sevilla. La factor\u00eda dispone de un cat\u00e1logo de reconocimiento para destacar a personas o colectivos seg\u00fan determinados criterios. Estas cinco mujeres fueron Laura Gonz\u00e1lez Mor\u00f3n, JU de las salas de control y responsable de calidad nave D, Mar\u00edan Ayala Oliver, CSI de implantaci\u00f3n del Dpto. de Ingenier\u00eda, Roc\u00edo Gonz\u00e1lez Tasc\u00f3n, responsable de calidad.<\/p>\n<p>[\/vc_column_text][\/vc_tta_section][vc_tta_section title=\u00bbVALLADOLID\u00bb tab_id=\u00bb1472198213806-8bd38287-1ebd\u00bb][vc_column_text]<\/p>\n<p style=\"text-align: justify;\">El lema del a\u00f1o 2014 ha sido <strong><em>\u201cIgualdad para las mujeres, progreso para todos\u201d <\/em><\/strong>y precisamente este es el <em>leit motif <\/em>de las iniciativas de Renault en favor de la igualdad y la diversidad. Con ello se busca enriquecer el capital humano de la empresa, que deriva en un progreso para su globalidad.<\/p>\n<p style=\"text-align: justify;\"><img loading=\"lazy\" decoding=\"async\" class=\"wp-image-5293 size-medium alignleft\" src=\"https:\/\/marialuisadecontes.com\/wp-content\/uploads\/2014\/05\/Valladolid-Opti-300x199.jpg\" alt=\"\" width=\"300\" height=\"199\" srcset=\"https:\/\/marialuisadecontes.com\/wp-content\/uploads\/2014\/05\/Valladolid-Opti-300x199.jpg 300w, https:\/\/marialuisadecontes.com\/wp-content\/uploads\/2014\/05\/Valladolid-Opti.jpg 1024w, https:\/\/marialuisadecontes.com\/wp-content\/uploads\/2014\/05\/Valladolid-Opti-750x498.jpg 750w, https:\/\/marialuisadecontes.com\/wp-content\/uploads\/2014\/05\/Valladolid-Opti-350x232.jpg 350w, https:\/\/marialuisadecontes.com\/wp-content\/uploads\/2014\/05\/Valladolid-Opti-260x173.jpg 260w, https:\/\/marialuisadecontes.com\/wp-content\/uploads\/2014\/05\/Valladolid-Opti-75x50.jpg 75w\" sizes=\"auto, (max-width: 300px) 100vw, 300px\" \/>Al igual que sucediera en los dem\u00e1s centros de trabajo de Renault, el acto que se celebr\u00f3 en Valladolid este a\u00f1o cont\u00f3 con varios invitados de excepci\u00f3n: <strong>Christine Toudic, <\/strong>C\u00f3nsul de Francia en Espa\u00f1a, <strong>Bego\u00f1a Su\u00e1rez <\/strong>(Subdirectora general del emprendimiento y la promoci\u00f3n profesional, dentro del \u00e1rea de igualdad del Ministerio de Sanidad e Igualdad) y <strong>Juana Erice <\/strong>(coach y experta en comunicaci\u00f3n). Queremos agradecer de forma especial que <strong>Manuel Guillermo<\/strong>, director de Motores y Carrocer\u00edas-montaje ejerciera un a\u00f1o m\u00e1s como anfitri\u00f3n, acompa\u00f1ado por miembros de sus comit\u00e9s de direcci\u00f3n.<\/p>\n<p style=\"text-align: justify;\">De los cuales <strong>Bel\u00e9n Lobo <\/strong>ejerci\u00f3 de maestra de ceremonias junto con <strong>Mar\u00eda Luisa de Contes<\/strong><\/p>\n<p>[\/vc_column_text][\/vc_tta_section][vc_tta_section title=\u00bbPALENCIA\u00bb tab_id=\u00bb1472198366197-77f1e1ad-c01c\u00bb][vc_column_text]<\/p>\n<p style=\"text-align: justify;\"><img loading=\"lazy\" decoding=\"async\" class=\"size-medium wp-image-5063 alignright\" src=\"https:\/\/marialuisadecontes.com\/wp-content\/uploads\/2014\/05\/MUJER_PALENCIA-300x168.png\" alt=\"MUJER_PALENCIA\" width=\"300\" height=\"168\" srcset=\"https:\/\/marialuisadecontes.com\/wp-content\/uploads\/2014\/05\/MUJER_PALENCIA-300x168.png 300w, https:\/\/marialuisadecontes.com\/wp-content\/uploads\/2014\/05\/MUJER_PALENCIA-260x145.png 260w, https:\/\/marialuisadecontes.com\/wp-content\/uploads\/2014\/05\/MUJER_PALENCIA.png 331w\" sizes=\"auto, (max-width: 300px) 100vw, 300px\" \/>En Palencia, cabe destacar la presencia y las intervenciones de <strong>Jos\u00e9 Antonio L\u00f3pez Ram\u00f3n y Cajal<\/strong>, Director de la Factor\u00eda de Palencia y Consejero Gerente de Renault Espa\u00f1a, y de <strong>Mercedes Hernando Monje<\/strong>, responsable de la red en esta ciudad.<\/p>\n<p>[\/vc_column_text][\/vc_tta_section][\/vc_tta_accordion][\/vc_column][\/vc_row]<\/p>\n","protected":false},"excerpt":{"rendered":"<p>[vc_row][vc_column][vc_column_text] 04 de marzo 2014. Con motivo del D\u00eda Internacional de la Mujer, la Red Women@Renault organiz\u00f3 el 4 de marzo en Sevilla y el 7 de marzo en Madrid [&hellip;]<\/p>\n","protected":false},"author":1,"featured_media":5661,"comment_status":"closed","ping_status":"closed","sticky":false,"template":"","format":"standard","meta":{"footnotes":""},"categories":[312,30,322],"tags":[],"class_list":["post-5058","post","type-post","status-publish","format-standard","has-post-thumbnail","hentry","category-312","category-masonry-3-columns","category-womenrenault"],"_links":{"self":[{"href":"https:\/\/marialuisadecontes.com\/index.php?rest_route=\/wp\/v2\/posts\/5058","targetHints":{"allow":["GET"]}}],"collection":[{"href":"https:\/\/marialuisadecontes.com\/index.php?rest_route=\/wp\/v2\/posts"}],"about":[{"href":"https:\/\/marialuisadecontes.com\/index.php?rest_route=\/wp\/v2\/types\/post"}],"author":[{"embeddable":true,"href":"https:\/\/marialuisadecontes.com\/index.php?rest_route=\/wp\/v2\/users\/1"}],"replies":[{"embeddable":true,"href":"https:\/\/marialuisadecontes.com\/index.php?rest_route=%2Fwp%2Fv2%2Fcomments&post=5058"}],"version-history":[{"count":6,"href":"https:\/\/marialuisadecontes.com\/index.php?rest_route=\/wp\/v2\/posts\/5058\/revisions"}],"predecessor-version":[{"id":5297,"href":"https:\/\/marialuisadecontes.com\/index.php?rest_route=\/wp\/v2\/posts\/5058\/revisions\/5297"}],"wp:featuredmedia":[{"embeddable":true,"href":"https:\/\/marialuisadecontes.com\/index.php?rest_route=\/wp\/v2\/media\/5661"}],"wp:attachment":[{"href":"https:\/\/marialuisadecontes.com\/index.php?rest_route=%2Fwp%2Fv2%2Fmedia&parent=5058"}],"wp:term":[{"taxonomy":"category","embeddable":true,"href":"https:\/\/marialuisadecontes.com\/index.php?rest_route=%2Fwp%2Fv2%2Fcategories&post=5058"},{"taxonomy":"post_tag","embeddable":true,"href":"https:\/\/marialuisadecontes.com\/index.php?rest_route=%2Fwp%2Fv2%2Ftags&post=5058"}],"curies":[{"name":"wp","href":"https:\/\/api.w.org\/{rel}","templated":true}]}}