{"id":4846,"date":"2012-03-16T13:16:50","date_gmt":"2012-03-16T12:16:50","guid":{"rendered":"http:\/\/marialuisadecontes.com\/?p=4846"},"modified":"2016-08-31T13:52:08","modified_gmt":"2016-08-31T11:52:08","slug":"participacion-en-las-xxi-jornadas-de-la-industria-la-telecomunicacion-y-el-diseno-industrial","status":"publish","type":"post","link":"https:\/\/marialuisadecontes.com\/?p=4846","title":{"rendered":"PARTICIPACI\u00d3N EN LAS XXI JORNADAS DE LA INDUSTRIA, LA TELECOMUNICACI\u00d3N Y EL DISE\u00d1O INDUSTRIAL"},"content":{"rendered":"<p style=\"text-align: justify;\">12 de marzo 2012.<\/p>\n<p style=\"text-align: justify;\">En la semana del 12 a 16 de marzo de 2012, la Escuela de Ingenier\u00edas Industriales de la Universidad de Valladolid ha acogido las XXI Jornadas de la Industria, la Telecomunicaci\u00f3n y el Dise\u00f1o Industrial.<\/p>\n<p style=\"text-align: justify;\"><img loading=\"lazy\" decoding=\"async\" class=\"wp-image-4848 alignleft\" src=\"https:\/\/marialuisadecontes.com\/wp-content\/uploads\/2016\/08\/laura.bmp\" alt=\"laura\" width=\"320\" height=\"240\" \/>Este encuentro, cuyo objetivo es aumentar la cooperaci\u00f3n entre la universidad y el mundo empresarial, as\u00ed como proporcionar a los estudiantes una formaci\u00f3n complementaria y el contacto con la realidad profesional, tuvo como ponentes invitadas, durante la jornada del martes 13 a cuatro ingenieras de la factor\u00eda de Valladolid, la Ingenier\u00eda Veh\u00edculo y la Ingenier\u00eda Mec\u00e1nica.<\/p>\n<p style=\"text-align: justify;\">Este grupo de mujeres intervino con el fin de estimular a las j\u00f3venes a que participen en sectores nuevos en v\u00edas de expansi\u00f3n y concretamente en el de las nuevas tecnolog\u00edas, adem\u00e1s de atraerlas a nuestro sector de la automoci\u00f3n.<\/p>\n<p style=\"text-align: justify;\">Abri\u00f3 la jornada Bel\u00e9n Lobo Cueto, jefa del Departamento T\u00e9cnico de la Factor\u00eda de CMVA y coordinadora del Women@Renault en Valladolid, quien expuso los objetivos de <em>la<\/em> <em>red Women@Renault<\/em>, en el marco del eje prioritario de la diversidad.<\/p>\n<p style=\"text-align: justify;\">Renault, empresa socialmente responsable, cuida del impacto en la sociedad de sus decisiones y de sus desarrollos tecnol\u00f3gicos. Por ello, se ha fijado cuatro prioridades: la educaci\u00f3n, la seguridad y \u00a0salud, la movilidad sostenible y la diversidad. Estos ejes prioritarios se inscriben en la visi\u00f3n y la misi\u00f3n de Renault como vectores de progreso para la sociedad y de realizaci\u00f3n, para la empresa.<\/p>\n<p style=\"text-align: justify;\">En relaci\u00f3n a la movilidad sostenible, record\u00f3 que Valladolid es la primera factor\u00eda en Espa\u00f1a en fabricar a gran escala un veh\u00edculo 100% el\u00e9ctrico, Renault Twizy, que nuestra factor\u00eda de Motores en Valladolid, es asimismo pionera en la fabricaci\u00f3n de motores Energy de bajo consumo, y que numerosas iniciativas en cuanto a la optimizaci\u00f3n del consumo de energ\u00eda, se est\u00e1n implantando en las f\u00e1bricas.<\/p>\n<p style=\"text-align: justify;\">A continuaci\u00f3n, Mar\u00eda Jes\u00fas Maeso, Controladora de Gesti\u00f3n de la Factor\u00eda de CMVA, present\u00f3 la <em>Gesti\u00f3n del ahorro en\u00e9rgico en una f\u00e1brica<\/em>, resaltando los impactos favorables, tanto desde el punto de vista econ\u00f3mico como medioambiental. Expuso las herramientas de seguimiento y animaci\u00f3n para lograrlo, tanto durante el periodo productivo como fuera de \u00e9ste.<\/p>\n<p style=\"text-align: justify;\">Laura Fern\u00e1ndez, Responsable de Proyecto VE TWIZY para Equipamientos Carrocer\u00edas, coment\u00f3 el desaf\u00edo que supone el proyecto <em>Vehiculo el\u00e9ctrico. <\/em>Desarrollado bajo la estrategia de la movilidad sostenible para todos, supone la ruptura total con las emisiones de CO<sub>2<\/sub>. Tambi\u00e9n present\u00f3 la gama, as\u00ed como el tipo de infraestructuras que se han creado para atraer a sus clientes potenciales.<\/p>\n<p style=\"text-align: justify;\">Por \u00faltimo, Elena Tejerina, Responsable de la Industrializaci\u00f3n Motores Gasolina, comparti\u00f3 su experiencia sobre <em>Motores Energy, movilidad sostenible y competitividad.<\/em> Tras mostrar las innovaciones de los nuevos motores de la gama <em>Energy<\/em> fabricada en Valladolid, cuya tecnolog\u00eda permite realizar una ruptura en consumo y emisiones de CO<sub>2<\/sub>, present\u00f3 a los estudiantes su modo de funcionamiento, haciendo hincapi\u00e9 en las medidas utilizadas para la reducci\u00f3n de costes; tales como la optimizaci\u00f3n de inversiones, reducci\u00f3n del no-valor a\u00f1adido, estandarizaci\u00f3n, benchmarking y capitalizaci\u00f3n de experiencias.<\/p>\n<p style=\"text-align: justify;\">La semana se cerr\u00f3 con la entrega de Premios del XXI Concurso Fotogr\u00e1fico EII.<\/p>\n<p style=\"text-align: justify;\"><a href=\"\/wp-content\/uploads\/2016\/08\/Diptico-XXI-Jornadas-2012.pdf\" target=\"_blank\">Descargar el diptico<\/a><\/p>\n","protected":false},"excerpt":{"rendered":"<p>12 de marzo 2012. En la semana del 12 a 16 de marzo de 2012, la Escuela de Ingenier\u00edas Industriales de la Universidad de Valladolid ha acogido las XXI Jornadas [&hellip;]<\/p>\n","protected":false},"author":1,"featured_media":4849,"comment_status":"closed","ping_status":"closed","sticky":false,"template":"","format":"standard","meta":{"footnotes":""},"categories":[310,30,322],"tags":[],"class_list":["post-4846","post","type-post","status-publish","format-standard","has-post-thumbnail","hentry","category-310","category-masonry-3-columns","category-womenrenault"],"_links":{"self":[{"href":"https:\/\/marialuisadecontes.com\/index.php?rest_route=\/wp\/v2\/posts\/4846","targetHints":{"allow":["GET"]}}],"collection":[{"href":"https:\/\/marialuisadecontes.com\/index.php?rest_route=\/wp\/v2\/posts"}],"about":[{"href":"https:\/\/marialuisadecontes.com\/index.php?rest_route=\/wp\/v2\/types\/post"}],"author":[{"embeddable":true,"href":"https:\/\/marialuisadecontes.com\/index.php?rest_route=\/wp\/v2\/users\/1"}],"replies":[{"embeddable":true,"href":"https:\/\/marialuisadecontes.com\/index.php?rest_route=%2Fwp%2Fv2%2Fcomments&post=4846"}],"version-history":[{"count":2,"href":"https:\/\/marialuisadecontes.com\/index.php?rest_route=\/wp\/v2\/posts\/4846\/revisions"}],"predecessor-version":[{"id":5281,"href":"https:\/\/marialuisadecontes.com\/index.php?rest_route=\/wp\/v2\/posts\/4846\/revisions\/5281"}],"wp:featuredmedia":[{"embeddable":true,"href":"https:\/\/marialuisadecontes.com\/index.php?rest_route=\/wp\/v2\/media\/4849"}],"wp:attachment":[{"href":"https:\/\/marialuisadecontes.com\/index.php?rest_route=%2Fwp%2Fv2%2Fmedia&parent=4846"}],"wp:term":[{"taxonomy":"category","embeddable":true,"href":"https:\/\/marialuisadecontes.com\/index.php?rest_route=%2Fwp%2Fv2%2Fcategories&post=4846"},{"taxonomy":"post_tag","embeddable":true,"href":"https:\/\/marialuisadecontes.com\/index.php?rest_route=%2Fwp%2Fv2%2Ftags&post=4846"}],"curies":[{"name":"wp","href":"https:\/\/api.w.org\/{rel}","templated":true}]}}