{"id":4733,"date":"2012-05-12T12:08:46","date_gmt":"2012-05-12T10:08:46","guid":{"rendered":"http:\/\/marialuisadecontes.com\/?p=4733"},"modified":"2016-08-31T13:51:20","modified_gmt":"2016-08-31T11:51:20","slug":"participacion-en-womans-week","status":"publish","type":"post","link":"https:\/\/marialuisadecontes.com\/?p=4733","title":{"rendered":"Participaci\u00f3n en WOMAN&#8217;S WEEK"},"content":{"rendered":"<p>[vc_row][vc_column][vc_column_text]<\/p>\n<p style=\"text-align: justify;\">05 de marzo 2012<\/p>\n<p style=\"text-align: justify;\">Con motivo de la \u00a0II Semana Internacional de la Mujer, del 5 al 9 de Marzo y gracias al apoyo del Instituto de la Mujer, la Secretar\u00eda de Estado de Igualdad, la Comunidad y el Ayuntamiento de Madrid, se celebra en Madrid la WOMAN\u2019S WEEK bajo el lema \u201cEl camino de emprender\u201d.<\/p>\n<p style=\"text-align: justify;\">Esta semana convoca los PREMIOS EVA que identifican a l\u00edderes mundiales que sean un paradigma de la sociedad internacional. Odile Desforges, Miembro del Comit\u00e9 Ejecutivo y Directora de Ingenier\u00eda y Calidad del Grupo en Renault e impulsora del Women@Renault, recibir\u00e1 el premio de \u2018Directiva Eva 2012\u2019 en una cena de gala el lunes 5.<\/p>\n<p style=\"text-align: justify;\">Este mismo d\u00eda, junto a otras empresas del sector de la automoci\u00f3n, intervendr\u00e1n Mar\u00eda Luisa de Contes y Elvira Torres en la mesa redonda intitulada \u2018II Cumbre Internacional de Liderazgo Femenino\u2019 para debatir sobre el \u00e9xito de las Pol\u00edticas de Igualdad y su irrupci\u00f3n en el mundo Empresarial y Social.<\/p>\n<p style=\"text-align: justify;\">A lo largo de la semana, empresarias y directivas compartir\u00e1n su experiencia, transmitiendo las claves de su \u00e9xito y su conocimiento. Las conferencias y los networking est\u00e1n abiertos a todos as\u00ed que aprovecha la oportunidad para conseguir respuestas a todas las preguntas que te planteas.<\/p>\n<p style=\"text-align: justify;\">M\u00e1s informaci\u00f3n para inscribirse de forma gratuita en <a href=\"http:\/\/madrid-womans-week.com\/\">http:\/\/madrid-womans-week.com<\/a><\/p>\n<p style=\"text-align: justify;\">Programa provisional de <a href=\"\/wp-content\/uploads\/2016\/08\/PROGRAMA_PROVISIONAL1.pdf\">WOMAN&#8217;S WEEK<\/a><\/p>\n<p>[\/vc_column_text][\/vc_column][\/vc_row]<\/p>\n","protected":false},"excerpt":{"rendered":"<p>[vc_row][vc_column][vc_column_text] 05 de marzo 2012 Con motivo de la \u00a0II Semana Internacional de la Mujer, del 5 al 9 de Marzo y gracias al apoyo del Instituto de la Mujer, [&hellip;]<\/p>\n","protected":false},"author":1,"featured_media":4737,"comment_status":"closed","ping_status":"closed","sticky":false,"template":"","format":"standard","meta":{"footnotes":""},"categories":[30,322],"tags":[],"class_list":["post-4733","post","type-post","status-publish","format-standard","has-post-thumbnail","hentry","category-masonry-3-columns","category-womenrenault"],"_links":{"self":[{"href":"https:\/\/marialuisadecontes.com\/index.php?rest_route=\/wp\/v2\/posts\/4733","targetHints":{"allow":["GET"]}}],"collection":[{"href":"https:\/\/marialuisadecontes.com\/index.php?rest_route=\/wp\/v2\/posts"}],"about":[{"href":"https:\/\/marialuisadecontes.com\/index.php?rest_route=\/wp\/v2\/types\/post"}],"author":[{"embeddable":true,"href":"https:\/\/marialuisadecontes.com\/index.php?rest_route=\/wp\/v2\/users\/1"}],"replies":[{"embeddable":true,"href":"https:\/\/marialuisadecontes.com\/index.php?rest_route=%2Fwp%2Fv2%2Fcomments&post=4733"}],"version-history":[{"count":4,"href":"https:\/\/marialuisadecontes.com\/index.php?rest_route=\/wp\/v2\/posts\/4733\/revisions"}],"predecessor-version":[{"id":5280,"href":"https:\/\/marialuisadecontes.com\/index.php?rest_route=\/wp\/v2\/posts\/4733\/revisions\/5280"}],"wp:featuredmedia":[{"embeddable":true,"href":"https:\/\/marialuisadecontes.com\/index.php?rest_route=\/wp\/v2\/media\/4737"}],"wp:attachment":[{"href":"https:\/\/marialuisadecontes.com\/index.php?rest_route=%2Fwp%2Fv2%2Fmedia&parent=4733"}],"wp:term":[{"taxonomy":"category","embeddable":true,"href":"https:\/\/marialuisadecontes.com\/index.php?rest_route=%2Fwp%2Fv2%2Fcategories&post=4733"},{"taxonomy":"post_tag","embeddable":true,"href":"https:\/\/marialuisadecontes.com\/index.php?rest_route=%2Fwp%2Fv2%2Ftags&post=4733"}],"curies":[{"name":"wp","href":"https:\/\/api.w.org\/{rel}","templated":true}]}}