{"id":4680,"date":"2012-05-21T10:53:44","date_gmt":"2012-05-21T08:53:44","guid":{"rendered":"http:\/\/marialuisadecontes.com\/?p=4680"},"modified":"2016-09-08T10:15:28","modified_gmt":"2016-09-08T08:15:28","slug":"caravana-womenrenault","status":"publish","type":"post","link":"https:\/\/marialuisadecontes.com\/?p=4680","title":{"rendered":"Caravana Women@Renault"},"content":{"rendered":"<p>[vc_row][vc_column][vc_column_text]21 de mayo 2012.[\/vc_column_text][vc_empty_space][vc_column_text]La Red Women@Renault, integrada por m\u00e1s de 300 mujeres de Renault Espa\u00f1a, organiz\u00f3 el pasado s\u00e1bado una caravana de Twizy por las principales calles de la capital de Espa\u00f1a para promocionar el el\u00e9ctrico. La veintena de Twizy utilizados fue conducida por mujeres de la Red, que tambi\u00e9n se afanaron en la distribuci\u00f3n de folletos sobre el producto a los centenares de personas que se interesaban por el veh\u00edculo a lo largo de todo el recorrido.<\/p>\n<p>Twizy acapar\u00f3 todas las miradas el pasado s\u00e1bado en la capital de Espa\u00f1a, pues una caravana integrada por una veintena de veh\u00edculos circul\u00f3 durante toda la ma\u00f1ana por las principales calles de Madrid como la Castellana, el Paseo del Prado, Alcal\u00e1 o Recoletos. Fueron pocos los que pudieron resistirse a mirar el novedoso veh\u00edculo e incluso a montarse en \u00e9l, ya que se hicieron diferentes paradas a lo largo de la ma\u00f1ana que tanto madrile\u00f1os como turistas aprovecharon para montarse en el veh\u00edculo e incluso fotografiarse en \u00e9l.<\/p>\n<p>La caravana de Twizy fue organizada por la Red de mujeres de Renault Espa\u00f1a Women@Renault, integrada por 300 mujeres de las diferentes filiales del Grupo Renault en Espa\u00f1a, que se hab\u00edan marcado como objetivo contribuir con la empresa en la promoci\u00f3n de este novedoso producto pensado para la ciudad. Las mujeres participantes, ataviadas todas ellas con camisetas corporativas en el institucional color amarillo de Renault, no pararon durante toda la jornada de distribuir folletos informativos del modelo a todo el mundo que se acercaba. No solamente centenares de madrile\u00f1os se interesaron por el novedoso producto sino tambi\u00e9n infinidad de turistas que abarrotaban el s\u00e1bado las calles de Madrid a los que las integrantes de la Red les fueron proporcionando la informaci\u00f3n en sus respectivos idiomas de origen. La gente se mostraba muy curiosa y se agolpaban preguntas como \u00bfcu\u00e1l es su autonom\u00eda?, \u00bfcu\u00e1l es su velocidad m\u00e1xima?, \u00bfa qu\u00e9 precio se vende?, \u00bfse puede conducir sin carn\u00e9?, \u00bfcu\u00e1l es el coste por kil\u00f3metro? o \u00bfc\u00f3mo se recarga?. No hubo ni una cuesti\u00f3n que se quedara sin responder, ya que todas las mujeres de la Red participantes en el evento recibieron d\u00edas previos una exhaustiva formaci\u00f3n que les permiti\u00f3 conocer todos los detalles del modelo, tanto a nivel te\u00f3rico como pr\u00e1ctico. La original cita no se la quiso perder tampoco el director general de Renault Espa\u00f1a Comercial, Armando Garc\u00eda Otero, que agradeci\u00f3 al colectivo el dedicar su d\u00eda libre y restar tiempo a los hobbies propios de un fin de semana para promocionar la marca de una manera tan original. Balance muy positivo de la acci\u00f3n ha hecho tambi\u00e9n la presidenta de la red Women@Renault en Espa\u00f1a, M\u00aa Luisa de Contes, quien record\u00f3 que el objetivo de la Red es mejorar la posici\u00f3n de la mujer en el \u00e1mbito de la empresa, al tiempo que se contribuye a mejorar la imagen de marca. \u201cLas 300 mujeres que integramos la Red Women@Renault en Espa\u00f1a vamos a dar todo lo que est\u00e9 de nuestra mano para recordar a los espa\u00f1oles que Renault, adem\u00e1s de ser l\u00edder en movilidad el\u00e9ctrica con cuatro modelos cero emisiones, es la primera marca de autom\u00f3viles en nuestro pa\u00eds\u201d, asegur\u00f3. El colectivo de mujeres complet\u00f3 la jornada con una visita al Museo del Prado, donde tuvieron la oportunidad de hacer un recorrido dise\u00f1ado especialmente para la ocasi\u00f3n que llevaba por t\u00edtulo \u201cEl protagonismo de la mujer en el Museo del Prado\u201d. Las asistentes pudieron conocer con detalle pinturas y esculturas con la mujer como protagonista como \u201cLas Meninas\u201d de Vel\u00e1zquez, \u201cLas Tres Gracias\u201d, de Rubens, \u201cEl testamento de Isabel la Cat\u00f3lica\u201d, de Eduardo Rosales, o la escultura de \u00c1lvarez Cubero de la reina Isabel de Braganza, promotora del Museo del Prado, entre otras muchas cosas.[\/vc_column_text][\/vc_column][\/vc_row][vc_row][vc_column][vc_empty_space]<figure class=\"sc_image  sc_image_shape_square\"><img decoding=\"async\" src=\"https:\/\/marialuisadecontes.com\/wp-content\/uploads\/2016\/08\/08082016_Caravana_WomenRenault.jpg\" alt=\"\" \/><\/figure>[\/vc_column][\/vc_row]<\/p>\n","protected":false},"excerpt":{"rendered":"<p>[vc_row][vc_column][vc_column_text]21 de mayo 2012.[\/vc_column_text][vc_empty_space][vc_column_text]La Red Women@Renault, integrada por m\u00e1s de 300 mujeres de Renault Espa\u00f1a, organiz\u00f3 el pasado s\u00e1bado una caravana de Twizy por las principales calles de la capital [&hellip;]<\/p>\n","protected":false},"author":1,"featured_media":4684,"comment_status":"closed","ping_status":"closed","sticky":false,"template":"","format":"standard","meta":{"footnotes":""},"categories":[30,322],"tags":[],"class_list":["post-4680","post","type-post","status-publish","format-standard","has-post-thumbnail","hentry","category-masonry-3-columns","category-womenrenault"],"_links":{"self":[{"href":"https:\/\/marialuisadecontes.com\/index.php?rest_route=\/wp\/v2\/posts\/4680","targetHints":{"allow":["GET"]}}],"collection":[{"href":"https:\/\/marialuisadecontes.com\/index.php?rest_route=\/wp\/v2\/posts"}],"about":[{"href":"https:\/\/marialuisadecontes.com\/index.php?rest_route=\/wp\/v2\/types\/post"}],"author":[{"embeddable":true,"href":"https:\/\/marialuisadecontes.com\/index.php?rest_route=\/wp\/v2\/users\/1"}],"replies":[{"embeddable":true,"href":"https:\/\/marialuisadecontes.com\/index.php?rest_route=%2Fwp%2Fv2%2Fcomments&post=4680"}],"version-history":[{"count":7,"href":"https:\/\/marialuisadecontes.com\/index.php?rest_route=\/wp\/v2\/posts\/4680\/revisions"}],"predecessor-version":[{"id":5664,"href":"https:\/\/marialuisadecontes.com\/index.php?rest_route=\/wp\/v2\/posts\/4680\/revisions\/5664"}],"wp:featuredmedia":[{"embeddable":true,"href":"https:\/\/marialuisadecontes.com\/index.php?rest_route=\/wp\/v2\/media\/4684"}],"wp:attachment":[{"href":"https:\/\/marialuisadecontes.com\/index.php?rest_route=%2Fwp%2Fv2%2Fmedia&parent=4680"}],"wp:term":[{"taxonomy":"category","embeddable":true,"href":"https:\/\/marialuisadecontes.com\/index.php?rest_route=%2Fwp%2Fv2%2Fcategories&post=4680"},{"taxonomy":"post_tag","embeddable":true,"href":"https:\/\/marialuisadecontes.com\/index.php?rest_route=%2Fwp%2Fv2%2Ftags&post=4680"}],"curies":[{"name":"wp","href":"https:\/\/api.w.org\/{rel}","templated":true}]}}