{"id":4481,"date":"2016-06-13T12:47:52","date_gmt":"2016-06-13T10:47:52","guid":{"rendered":"http:\/\/marialuisadecontes.com\/?p=4481"},"modified":"2016-08-26T10:17:00","modified_gmt":"2016-08-26T08:17:00","slug":"ciencia-y-medicina-en-el-futuro","status":"publish","type":"post","link":"https:\/\/marialuisadecontes.com\/?p=4481","title":{"rendered":"CIENCIA Y MEDICINA EN EL FUTURO"},"content":{"rendered":"<p>[vc_row][vc_column][vc_column_text]<strong>13 de Junio de 2016:\u00a0<\/strong>\u201cCiencia y Medicina en el futuro: \u00bfSe puede evitar el envejecimiento y las enfermedades?\u201d<\/p>\n<p>Con\u00a0Genevi\u00e8ve Almouzni (Directora de Investigaci\u00f3n del Instituto Marie Curie. Remplazada en el Acto por M\u00f3nica Salomone, periodista cient\u00edfica) y Mar\u00eda Blasco\u00a0(Directora del Centro Nacional de Investigaciones Oncol\u00f3gicas).<\/p>\n<p><strong>Tema de la Conferencia: <\/strong>la ciencia y la medicina del futuro, buscando respuestas a la eterna pregunta de si se puede evitar en la actualidad el envejecimiento y las enfermedades.<\/p>\n<p><strong>Lugar:<\/strong>\u00a0Residencia de Francia (C\/ Serrano N\u00ba124)<\/p>\n<p><strong>Moderado por: <\/strong>Carmen Vela (Secretaria de Estado de Investigaci\u00f3n, Desarrollo e Innovaci\u00f3n en el Ministerio de Econom\u00eda y Competitividad).<\/p>\n<p><strong>Participantes:<\/strong>\u00a0250 personas[\/vc_column_text][vc_empty_space][\/vc_column][\/vc_row]<\/p>\n","protected":false},"excerpt":{"rendered":"<p>[vc_row][vc_column][vc_column_text]13 de Junio de 2016:\u00a0\u201cCiencia y Medicina en el futuro: \u00bfSe puede evitar el envejecimiento y las enfermedades?\u201d Con\u00a0Genevi\u00e8ve Almouzni (Directora de Investigaci\u00f3n del Instituto Marie Curie. Remplazada en el [&hellip;]<\/p>\n","protected":false},"author":1,"featured_media":4825,"comment_status":"closed","ping_status":"closed","sticky":false,"template":"","format":"standard","meta":{"footnotes":""},"categories":[309,30,315],"tags":[],"class_list":["post-4481","post","type-post","status-publish","format-standard","has-post-thumbnail","hentry","category-309","category-masonry-3-columns","category-eventos-mujeres-avenir"],"_links":{"self":[{"href":"https:\/\/marialuisadecontes.com\/index.php?rest_route=\/wp\/v2\/posts\/4481","targetHints":{"allow":["GET"]}}],"collection":[{"href":"https:\/\/marialuisadecontes.com\/index.php?rest_route=\/wp\/v2\/posts"}],"about":[{"href":"https:\/\/marialuisadecontes.com\/index.php?rest_route=\/wp\/v2\/types\/post"}],"author":[{"embeddable":true,"href":"https:\/\/marialuisadecontes.com\/index.php?rest_route=\/wp\/v2\/users\/1"}],"replies":[{"embeddable":true,"href":"https:\/\/marialuisadecontes.com\/index.php?rest_route=%2Fwp%2Fv2%2Fcomments&post=4481"}],"version-history":[{"count":3,"href":"https:\/\/marialuisadecontes.com\/index.php?rest_route=\/wp\/v2\/posts\/4481\/revisions"}],"predecessor-version":[{"id":5090,"href":"https:\/\/marialuisadecontes.com\/index.php?rest_route=\/wp\/v2\/posts\/4481\/revisions\/5090"}],"wp:featuredmedia":[{"embeddable":true,"href":"https:\/\/marialuisadecontes.com\/index.php?rest_route=\/wp\/v2\/media\/4825"}],"wp:attachment":[{"href":"https:\/\/marialuisadecontes.com\/index.php?rest_route=%2Fwp%2Fv2%2Fmedia&parent=4481"}],"wp:term":[{"taxonomy":"category","embeddable":true,"href":"https:\/\/marialuisadecontes.com\/index.php?rest_route=%2Fwp%2Fv2%2Fcategories&post=4481"},{"taxonomy":"post_tag","embeddable":true,"href":"https:\/\/marialuisadecontes.com\/index.php?rest_route=%2Fwp%2Fv2%2Ftags&post=4481"}],"curies":[{"name":"wp","href":"https:\/\/api.w.org\/{rel}","templated":true}]}}