{"id":4409,"date":"2012-07-04T20:12:39","date_gmt":"2012-07-04T18:12:39","guid":{"rendered":"http:\/\/marialuisadecontes.com\/?p=4409"},"modified":"2016-08-01T11:20:08","modified_gmt":"2016-08-01T09:20:08","slug":"mujer-y-transicion-foro-mujeres-dialogo-2012","status":"publish","type":"post","link":"https:\/\/marialuisadecontes.com\/?p=4409","title":{"rendered":"Mujer y Transici\u00f3n Foro Mujeres 2012"},"content":{"rendered":"<p>[vc_row][vc_column][vc_column_text]<\/p>\n<p style=\"text-align: justify;\"><span style=\"color: #808080;\"><strong>4 de julio 2012:<\/strong> Tribuna-Desayuno con Soledad Becerril, Ex-ministra de Cultura y actual Defensora del Pueblo, y Cristina Alberdi, Ex-ministra de Asuntos Sociales.<\/span><\/p>\n<p style=\"text-align: justify;\"><span style=\"color: #ffffff;\">.<\/span><\/p>\n<p style=\"text-align: justify;\"><span style=\"color: #808080;\"><strong>Tema:<\/strong> \u201cEl papel de la Mujer en la Transici\u00f3n Espa\u00f1ola\u00bb<\/span><\/p>\n<p style=\"text-align: justify;\"><span style=\"color: #808080;\"><strong>Lugar:<\/strong> Club Financiero G\u00e9nova<\/span><\/p>\n<p style=\"text-align: justify;\"><span style=\"color: #808080;\"><strong>Participantes:<\/strong> 110<\/span><\/p>\n<p style=\"text-align: justify;\"><span style=\"color: #808080;\"><strong>Moderador:<\/strong> Jos\u00e9 Luis Leal, Presidente de la Asociaci\u00f3n Di\u00e1logo y Mar\u00eda Luisa de Contes, Vicepresidenta de Di\u00e1logo.<\/span><\/p>\n<p style=\"text-align: justify;\"><span style=\"color: #ffffff;\">.<\/span><\/p>\n<p>[\/vc_column_text][vc_empty_space][\/vc_column][\/vc_row][vc_row][vc_column][vc_masonry_media_grid grid_id=\u00bbvc_gid:1460047650091-672c6cd1-9bad-6&#8243; include=\u00bb4059,4060,4061,4062,4063,4064,4065,4066,4134,4135,4136,4137&#8243;][\/vc_column][\/vc_row]<\/p>\n","protected":false},"excerpt":{"rendered":"<p>[vc_row][vc_column][vc_column_text] 4 de julio 2012: Tribuna-Desayuno con Soledad Becerril, Ex-ministra de Cultura y actual Defensora del Pueblo, y Cristina Alberdi, Ex-ministra de Asuntos Sociales. . Tema: \u201cEl papel de la [&hellip;]<\/p>\n","protected":false},"author":1,"featured_media":4058,"comment_status":"closed","ping_status":"closed","sticky":false,"template":"","format":"gallery","meta":{"footnotes":""},"categories":[310,30,314],"tags":[],"class_list":["post-4409","post","type-post","status-publish","format-gallery","has-post-thumbnail","hentry","category-310","category-masonry-3-columns","category-foro-mujeres-dialogo","post_format-post-format-gallery"],"_links":{"self":[{"href":"https:\/\/marialuisadecontes.com\/index.php?rest_route=\/wp\/v2\/posts\/4409","targetHints":{"allow":["GET"]}}],"collection":[{"href":"https:\/\/marialuisadecontes.com\/index.php?rest_route=\/wp\/v2\/posts"}],"about":[{"href":"https:\/\/marialuisadecontes.com\/index.php?rest_route=\/wp\/v2\/types\/post"}],"author":[{"embeddable":true,"href":"https:\/\/marialuisadecontes.com\/index.php?rest_route=\/wp\/v2\/users\/1"}],"replies":[{"embeddable":true,"href":"https:\/\/marialuisadecontes.com\/index.php?rest_route=%2Fwp%2Fv2%2Fcomments&post=4409"}],"version-history":[{"count":2,"href":"https:\/\/marialuisadecontes.com\/index.php?rest_route=\/wp\/v2\/posts\/4409\/revisions"}],"predecessor-version":[{"id":4616,"href":"https:\/\/marialuisadecontes.com\/index.php?rest_route=\/wp\/v2\/posts\/4409\/revisions\/4616"}],"wp:featuredmedia":[{"embeddable":true,"href":"https:\/\/marialuisadecontes.com\/index.php?rest_route=\/wp\/v2\/media\/4058"}],"wp:attachment":[{"href":"https:\/\/marialuisadecontes.com\/index.php?rest_route=%2Fwp%2Fv2%2Fmedia&parent=4409"}],"wp:term":[{"taxonomy":"category","embeddable":true,"href":"https:\/\/marialuisadecontes.com\/index.php?rest_route=%2Fwp%2Fv2%2Fcategories&post=4409"},{"taxonomy":"post_tag","embeddable":true,"href":"https:\/\/marialuisadecontes.com\/index.php?rest_route=%2Fwp%2Fv2%2Ftags&post=4409"}],"curies":[{"name":"wp","href":"https:\/\/api.w.org\/{rel}","templated":true}]}}