{"id":4318,"date":"2015-10-20T18:56:06","date_gmt":"2015-10-20T16:56:06","guid":{"rendered":"http:\/\/marialuisadecontes.com\/?p=4318"},"modified":"2016-04-07T19:53:49","modified_gmt":"2016-04-07T17:53:49","slug":"mujeres-y-deporte-paralimpico-superacion-sin-limites-sin-fronteras-2015","status":"publish","type":"post","link":"https:\/\/marialuisadecontes.com\/?p=4318","title":{"rendered":"Mujeres y deporte paral\u00edmpico: Superaci\u00f3n sin l\u00edmites, sin fronteras 2015"},"content":{"rendered":"<p>[vc_row][vc_column][vc_column_text]<\/p>\n<p style=\"text-align: justify;\"><span style=\"color: #888888;\"><strong>6 de marzo de 2015:<\/strong> Miradas Cruzadas \u00abMujeres y deporte paral\u00edmpico : Superaci\u00f3n sin l\u00edmites, sin fronteras\u00bb<\/span><\/p>\n<p style=\"text-align: justify;\"><span style=\"color: #888888;\">Con Marie-Am\u00e9lie Le Fur, Medallista Paral\u00edmpica de Atletismo, y Gema Hassen-Bey, Medallista Paral\u00edmpica de Esgrima<\/span><\/p>\n<p style=\"text-align: justify;\"><strong>Tema:<\/strong> <span style=\"color: #888888;\"> Conferencia celebrada con motivo del D\u00eda Internacional de la Mujer <\/span><\/p>\n<p style=\"text-align: justify;\"><span style=\"color: #888888;\"><strong>Lugar:<\/strong> la Residencia de Francia en Espa\u00f1a <\/span><\/p>\n<p style=\"text-align: justify;\"><strong>Participantes:<\/strong> <span style=\"color: #888888;\"> 180<\/span><\/p>\n<p style=\"text-align: justify;\"><strong>Moderado por:<\/strong><span style=\"color: #888888;\"> Mar\u00eda Luisa de Contes, Vicepresidenta de Di\u00e1logo, y Mar\u00eda Escario, Periodista especializada en Deporte<\/span><\/p>\n<p>[\/vc_column_text][vc_empty_space][\/vc_column][\/vc_row][vc_row][vc_column][vc_masonry_media_grid grid_id=\u00bbvc_gid:1460047650091-672c6cd1-9bad-6&#8243; include=\u00bb4144,4145,4146,4147,4148,4187&#8243;][\/vc_column][\/vc_row]<\/p>\n","protected":false},"excerpt":{"rendered":"<p>[vc_row][vc_column][vc_column_text] 6 de marzo de 2015: Miradas Cruzadas \u00abMujeres y deporte paral\u00edmpico : Superaci\u00f3n sin l\u00edmites, sin fronteras\u00bb Con Marie-Am\u00e9lie Le Fur, Medallista Paral\u00edmpica de Atletismo, y Gema Hassen-Bey, Medallista [&hellip;]<\/p>\n","protected":false},"author":1,"featured_media":4319,"comment_status":"closed","ping_status":"closed","sticky":false,"template":"","format":"gallery","meta":{"footnotes":""},"categories":[313,30,314],"tags":[],"class_list":["post-4318","post","type-post","status-publish","format-gallery","has-post-thumbnail","hentry","category-313","category-masonry-3-columns","category-foro-mujeres-dialogo","post_format-post-format-gallery"],"_links":{"self":[{"href":"https:\/\/marialuisadecontes.com\/index.php?rest_route=\/wp\/v2\/posts\/4318","targetHints":{"allow":["GET"]}}],"collection":[{"href":"https:\/\/marialuisadecontes.com\/index.php?rest_route=\/wp\/v2\/posts"}],"about":[{"href":"https:\/\/marialuisadecontes.com\/index.php?rest_route=\/wp\/v2\/types\/post"}],"author":[{"embeddable":true,"href":"https:\/\/marialuisadecontes.com\/index.php?rest_route=\/wp\/v2\/users\/1"}],"replies":[{"embeddable":true,"href":"https:\/\/marialuisadecontes.com\/index.php?rest_route=%2Fwp%2Fv2%2Fcomments&post=4318"}],"version-history":[{"count":1,"href":"https:\/\/marialuisadecontes.com\/index.php?rest_route=\/wp\/v2\/posts\/4318\/revisions"}],"predecessor-version":[{"id":4322,"href":"https:\/\/marialuisadecontes.com\/index.php?rest_route=\/wp\/v2\/posts\/4318\/revisions\/4322"}],"wp:featuredmedia":[{"embeddable":true,"href":"https:\/\/marialuisadecontes.com\/index.php?rest_route=\/wp\/v2\/media\/4319"}],"wp:attachment":[{"href":"https:\/\/marialuisadecontes.com\/index.php?rest_route=%2Fwp%2Fv2%2Fmedia&parent=4318"}],"wp:term":[{"taxonomy":"category","embeddable":true,"href":"https:\/\/marialuisadecontes.com\/index.php?rest_route=%2Fwp%2Fv2%2Fcategories&post=4318"},{"taxonomy":"post_tag","embeddable":true,"href":"https:\/\/marialuisadecontes.com\/index.php?rest_route=%2Fwp%2Fv2%2Ftags&post=4318"}],"curies":[{"name":"wp","href":"https:\/\/api.w.org\/{rel}","templated":true}]}}